{"id":422,"date":"2022-10-26T10:52:56","date_gmt":"2022-10-26T10:52:56","guid":{"rendered":"https:\/\/venue-planner.com\/?p=422"},"modified":"2022-11-09T13:46:02","modified_gmt":"2022-11-09T13:46:02","slug":"moderation-bei-der-8-ibit-fachtagung","status":"publish","type":"post","link":"https:\/\/venue-planner.com\/hu\/moderation-bei-der-8-ibit-fachtagung\/","title":{"rendered":"8. IBIT szimp\u00f3zium K\u00f6lnben"},"content":{"rendered":"<p>November 16-\u00e1n \u00e9s 17-\u00e9n a k\u00f6lni Rhein Energie Stadionban rendezik meg az IBT konferenci\u00e1t. A Venue Planner is ott lesz saj\u00e1t standdal. A rendezv\u00e9ny els\u0151 napj\u00e1n Rainer Sch\u00fcler moder\u00e1lja a \"Tanul\u00e1s a diszat\u0151r\u00f6kb\u0151l - vagy sem?<\/p>\n\n\n\n<p>Err\u0151l sz\u00f3l az eg\u00e9sz: A legt\u00f6bb ember eml\u00e9kszik a Wembley-r\u0151l vagy az Astroworld fesztiv\u00e1lr\u00f3l k\u00e9sz\u00fclt k\u00e9pekre, \u00e9s a minden felett lebeg\u0151 k\u00e9rd\u00e9sre: MI\u00c9RT? Mi\u00e9rt t\u00f6rt\u00e9nnek ezek a dolgok m\u00e9g mindig, annak ellen\u00e9re, hogy m\u00e1r t\u00f6bb sz\u00e1zszor l\u00e1ttuk, hogy rosszul s\u00fclnek el? T\u00e9nyleg ennyire rossz a mem\u00f3ri\u00e1nk, m\u00e9g a demencia is? Vagy t\u00fal arrog\u00e1nsak vagyunk, \u00e9s azt hissz\u00fck, hogy vel\u00fcnk nem t\u00f6rt\u00e9nhet meg?<\/p>\n\n\n\n<p>A modern biztons\u00e1gi tervez\u00e9s eszk\u00f6zei k\u00f6z\u00e9 tartozik, hogy tanuljunk abb\u00f3l, ami m\u00e1r megt\u00f6rt\u00e9nt (m\u00e1sokkal). Nem arr\u00f3l van sz\u00f3, hogy azt, amit m\u00e1sok 1:1-ben megtapasztaltak, \u00e1t\u00fcltetj\u00fck a saj\u00e1t val\u00f3s\u00e1gunkba. A Love Parade esem\u00e9nyeire adott reakci\u00f3 megmutatta, hogy mi t\u00f6rt\u00e9nt: minden alulj\u00e1r\u00f3t, legyen az b\u00e1rmilyen kicsi, vesz\u00e9lyes g\u00f3cpontnak nyilv\u00e1n\u00edtottak, minden esem\u00e9nyt csak abb\u00f3l a szempontb\u00f3l n\u00e9ztek, hogy \"nem akarjuk, hogy \u00fagy v\u00e9gz\u0151dj\u00f6n, mint Duisburgban\" - persze, nem is ez a l\u00e9nyeg. A t\u00e9t egy lehet\u0151s\u00e9g kihaszn\u00e1l\u00e1sa. A lehet\u0151s\u00e9g, hogy a saj\u00e1t gondolkod\u00e1sunkat rugalmasan tartsuk, \u00e9s hogy olyan dolgokkal is foglalkozzunk, amelyek a saj\u00e1t tapasztalati horizontunkon k\u00edv\u00fcl esnek. Soha senki nem fogja tudni garant\u00e1lni, hogy nem ker\u00fcl\u00fcnk igaz\u00e1n rossz \u00e9s\/vagy nagyon kisz\u00e1m\u00edthatatlan helyzetekbe, \u00e9s term\u00e9szetesen a megel\u0151z\u0151 foglalkoz\u00e1s sem garancia a megfontolt cselekv\u00e9sre - de mindig jobb, mintha \"soha nem gondoltunk volna r\u00e1\". Sok esem\u00e9ny - m\u00e9g a nagyon ritka \u00e9s potenci\u00e1lisan \"val\u00f3sz\u00edn\u0171tlen\" esem\u00e9nyek is - a val\u00f3j\u00e1ban teljesen norm\u00e1lis biztons\u00e1gi tervez\u00e9s szempontjait tartalmazz\u00e1k: a felel\u0151ss\u00e9gi k\u00f6r\u00f6k ismeret\u00e9t\u0151l kezdve a hi\u00e1nyz\u00f3\/megl\u00e9v\u0151\/ismeretlen er\u0151forr\u00e1sokon \u00e1t a t\u00e9nyszer\u0171 elj\u00e1r\u00e1sokig. B\u00e1rmilyen rosszak is az esem\u00e9nyek: fel kell haszn\u00e1lnunk \u0151ket, tanulnunk kell bel\u0151l\u00fck, nem szabad elfelejten\u00fcnk \u0151ket.<\/p>","protected":false},"excerpt":{"rendered":"<p>Am 16. und 17. November findet im Rhein Energie-Stadion in K\u00f6ln die IBT-Fachtagung statt. Venue Planner wird mit einem eigenen Stand ebenfalls vor Ort sein. Am ersten Tag der Veranstaltung wird Rainer Sch\u00fcler den Themenstrang \"Learning from disaters - oder auch nicht?\" moderieren. Darum geht es inhaltlich: Die meisten werden sich erinnern k\u00f6nnen: die Bilder [&hellip;]<\/p>\n","protected":false},"author":8,"featured_media":423,"comment_status":"closed","ping_status":"closed","sticky":false,"template":"","format":"standard","meta":{"footnotes":""},"categories":[1],"tags":[],"class_list":["post-422","post","type-post","status-publish","format-standard","has-post-thumbnail","hentry","category-unkategorisiert"],"_links":{"self":[{"href":"https:\/\/venue-planner.com\/hu\/wp-json\/wp\/v2\/posts\/422","targetHints":{"allow":["GET"]}}],"collection":[{"href":"https:\/\/venue-planner.com\/hu\/wp-json\/wp\/v2\/posts"}],"about":[{"href":"https:\/\/venue-planner.com\/hu\/wp-json\/wp\/v2\/types\/post"}],"author":[{"embeddable":true,"href":"https:\/\/venue-planner.com\/hu\/wp-json\/wp\/v2\/users\/8"}],"replies":[{"embeddable":true,"href":"https:\/\/venue-planner.com\/hu\/wp-json\/wp\/v2\/comments?post=422"}],"version-history":[{"count":3,"href":"https:\/\/venue-planner.com\/hu\/wp-json\/wp\/v2\/posts\/422\/revisions"}],"predecessor-version":[{"id":439,"href":"https:\/\/venue-planner.com\/hu\/wp-json\/wp\/v2\/posts\/422\/revisions\/439"}],"wp:featuredmedia":[{"embeddable":true,"href":"https:\/\/venue-planner.com\/hu\/wp-json\/wp\/v2\/media\/423"}],"wp:attachment":[{"href":"https:\/\/venue-planner.com\/hu\/wp-json\/wp\/v2\/media?parent=422"}],"wp:term":[{"taxonomy":"category","embeddable":true,"href":"https:\/\/venue-planner.com\/hu\/wp-json\/wp\/v2\/categories?post=422"},{"taxonomy":"post_tag","embeddable":true,"href":"https:\/\/venue-planner.com\/hu\/wp-json\/wp\/v2\/tags?post=422"}],"curies":[{"name":"wp","href":"https:\/\/api.w.org\/{rel}","templated":true}]}}