{"id":422,"date":"2022-10-26T10:52:56","date_gmt":"2022-10-26T10:52:56","guid":{"rendered":"https:\/\/venue-planner.com\/?p=422"},"modified":"2022-11-09T13:46:02","modified_gmt":"2022-11-09T13:46:02","slug":"moderation-bei-der-8-ibit-fachtagung","status":"publish","type":"post","link":"https:\/\/venue-planner.com\/fr\/moderation-bei-der-8-ibit-fachtagung\/","title":{"rendered":"8e conf\u00e9rence professionnelle de l'IBIT \u00e0 Cologne"},"content":{"rendered":"<p>Les 16 et 17 novembre, le congr\u00e8s professionnel IBT aura lieu au Rhein Energie-Stadion de Cologne. Venue Planner y sera \u00e9galement pr\u00e9sent avec son propre stand. Le premier jour de la manifestation, Rainer Sch\u00fcler animera le th\u00e8me \"Learning from disaters - or also not ?<\/p>\n\n\n\n<p>La plupart d'entre vous se souviendront des images de Wembley ou du festival Astroworld et de la question qui plane au-dessus de tout : POURQUOI ? Pourquoi de telles choses continuent-elles \u00e0 se produire alors que nous les avons d\u00e9j\u00e0 vues tourner mal des centaines de fois ? Avons-nous vraiment une si mauvaise m\u00e9moire, voire une d\u00e9mence ? Ou sommes-nous trop arrogants et pensons que cela ne peut pas nous arriver ?<\/p>\n\n\n\n<p>Tirer les le\u00e7ons de ce qui s'est d\u00e9j\u00e0 pass\u00e9 (pour d'autres) fait partie des outils d'une planification moderne de la s\u00e9curit\u00e9. Il ne s'agit pas de transposer \u00e0 l'identique dans sa propre r\u00e9alit\u00e9 ce que les autres ont v\u00e9cu. Les r\u00e9actions aux \u00e9v\u00e9nements de la Loveparade ont montr\u00e9 ce qui s'est pass\u00e9 ensuite : chaque passage souterrain, m\u00eame le plus petit, a \u00e9t\u00e9 d\u00e9sign\u00e9 comme un point chaud dangereux, chaque manifestation a \u00e9t\u00e9 consid\u00e9r\u00e9e uniquement sous l'angle du \"il ne faut pas que cela se termine ici comme \u00e0 Duisbourg\" - ce qui n'est \u00e9videmment pas non plus le but. Ce dont il s'agit, c'est de saisir une opportunit\u00e9. La chance de garder sa propre pens\u00e9e flexible et de se confronter \u00e0 des choses qui se situent au-del\u00e0 de son propre horizon d'exp\u00e9rience. Personne ne pourra jamais nous garantir que nous ne nous retrouverons pas nous aussi dans des situations vraiment graves et\/ou tr\u00e8s impr\u00e9visibles et, bien entendu, l'occupation pr\u00e9ventive n'est pas non plus une garantie d'action r\u00e9fl\u00e9chie - mais c'est toujours mieux que de \"ne jamais y avoir pens\u00e9\". De nombreux \u00e9v\u00e9nements - m\u00eame ceux qui sont tr\u00e8s rares et potentiellement \"improbables\" - pr\u00e9sentent dans leur d\u00e9roulement des aspects d'une planification de la s\u00e9curit\u00e9 en fait tout \u00e0 fait normale : de la connaissance des responsabilit\u00e9s aux proc\u00e9dures factuelles en passant par les ressources manquantes \/ disponibles \/ inconnues. Aussi graves que soient les \u00e9v\u00e9nements, nous devons les utiliser, en tirer des enseignements et ne pas les oublier.<\/p>","protected":false},"excerpt":{"rendered":"<p>Am 16. und 17. November findet im Rhein Energie-Stadion in K\u00f6ln die IBT-Fachtagung statt. Venue Planner wird mit einem eigenen Stand ebenfalls vor Ort sein. Am ersten Tag der Veranstaltung wird Rainer Sch\u00fcler den Themenstrang \"Learning from disaters - oder auch nicht?\" moderieren. Darum geht es inhaltlich: Die meisten werden sich erinnern k\u00f6nnen: die Bilder [&hellip;]<\/p>\n","protected":false},"author":8,"featured_media":423,"comment_status":"closed","ping_status":"closed","sticky":false,"template":"","format":"standard","meta":{"footnotes":""},"categories":[1],"tags":[],"class_list":["post-422","post","type-post","status-publish","format-standard","has-post-thumbnail","hentry","category-unkategorisiert"],"_links":{"self":[{"href":"https:\/\/venue-planner.com\/fr\/wp-json\/wp\/v2\/posts\/422","targetHints":{"allow":["GET"]}}],"collection":[{"href":"https:\/\/venue-planner.com\/fr\/wp-json\/wp\/v2\/posts"}],"about":[{"href":"https:\/\/venue-planner.com\/fr\/wp-json\/wp\/v2\/types\/post"}],"author":[{"embeddable":true,"href":"https:\/\/venue-planner.com\/fr\/wp-json\/wp\/v2\/users\/8"}],"replies":[{"embeddable":true,"href":"https:\/\/venue-planner.com\/fr\/wp-json\/wp\/v2\/comments?post=422"}],"version-history":[{"count":3,"href":"https:\/\/venue-planner.com\/fr\/wp-json\/wp\/v2\/posts\/422\/revisions"}],"predecessor-version":[{"id":439,"href":"https:\/\/venue-planner.com\/fr\/wp-json\/wp\/v2\/posts\/422\/revisions\/439"}],"wp:featuredmedia":[{"embeddable":true,"href":"https:\/\/venue-planner.com\/fr\/wp-json\/wp\/v2\/media\/423"}],"wp:attachment":[{"href":"https:\/\/venue-planner.com\/fr\/wp-json\/wp\/v2\/media?parent=422"}],"wp:term":[{"taxonomy":"category","embeddable":true,"href":"https:\/\/venue-planner.com\/fr\/wp-json\/wp\/v2\/categories?post=422"},{"taxonomy":"post_tag","embeddable":true,"href":"https:\/\/venue-planner.com\/fr\/wp-json\/wp\/v2\/tags?post=422"}],"curies":[{"name":"wp","href":"https:\/\/api.w.org\/{rel}","templated":true}]}}